{"id":3796,"date":"2021-03-17T12:29:17","date_gmt":"2021-03-17T11:29:17","guid":{"rendered":"https:\/\/ge-dellbrueck.de\/?p=3796"},"modified":"2025-06-17T12:41:19","modified_gmt":"2025-06-17T10:41:19","slug":"neu-im-team","status":"publish","type":"post","link":"https:\/\/ge-dellbrueck.de\/start\/neu-im-team\/","title":{"rendered":"Neu im Team"},"content":{"rendered":"\n<p>Unser Schulsekretariat hat Verst\u00e4rkung bekommen: Susanne Schulz ist seit 18.01. bei uns im Team. <\/p>\n\n\n\n<p>Frau Schulz ist 53 Jahre alt, hat zwei Kinder im Alter von 18 und 23 Jahren und lebt in Bergisch-Gladbach.<\/p>\n\n\n\n<figure class=\"wp-block-image is-resized\"><img loading=\"lazy\" decoding=\"async\" width=\"683\" height=\"1024\" src=\"https:\/\/ge-dellbrueck.de\/wp-content\/uploads\/2021\/03\/K1600_Schulsekret\u00e4rin-Schulz-1-683x1024.jpg\" alt=\"\" class=\"wp-image-3797\" style=\"width:335px;height:502px\" srcset=\"https:\/\/ge-dellbrueck.de\/wp-content\/uploads\/2021\/03\/K1600_Schulsekret\u00e4rin-Schulz-1-683x1024.jpg 683w, https:\/\/ge-dellbrueck.de\/wp-content\/uploads\/2021\/03\/K1600_Schulsekret\u00e4rin-Schulz-1-200x300.jpg 200w, https:\/\/ge-dellbrueck.de\/wp-content\/uploads\/2021\/03\/K1600_Schulsekret\u00e4rin-Schulz-1-768x1152.jpg 768w, https:\/\/ge-dellbrueck.de\/wp-content\/uploads\/2021\/03\/K1600_Schulsekret\u00e4rin-Schulz-1.jpg 1200w\" sizes=\"(max-width: 683px) 100vw, 683px\" \/><\/figure>\n\n\n\n<p>Vorher war sie in zwei Grundschulen in Br\u00fcck und Rath. Nun wollte sie sich mal ver\u00e4ndern und die &#8222;Gro\u00dfen&#8220; kennenlernen.<\/p>\n\n\n\n<p>Wir sagen &#8222;Herzlich Willkommen&#8220; und freuen uns auf die Zusammenarbeit!<\/p>\n\n\n\n<p>Wer Frau Schulz mal kennen lernen will, sie ist Montag und Mittwoch von&nbsp;7.30 &#8211; 13 Uhr da.<\/p>\n","protected":false},"excerpt":{"rendered":"<p>Unser Schulsekretariat hat Verst\u00e4rkung bekommen: Susanne Schulz ist seit 18.01. bei uns im Team. Frau Schulz ist 53 Jahre alt, hat zwei Kinder im Alter von 18 und 23 Jahren und lebt in Bergisch-Gladbach. Vorher war sie in zwei Grundschulen in Br\u00fcck und Rath. Nun wollte sie sich mal ver\u00e4ndern und die &#8222;Gro\u00dfen&#8220; kennenlernen. Wir [&hellip;]<\/p>\n","protected":false},"author":5,"featured_media":1922,"comment_status":"closed","ping_status":"open","sticky":false,"template":"","format":"standard","meta":{"saved_in_kubio":false,"footnotes":""},"categories":[1],"tags":[],"class_list":["post-3796","post","type-post","status-publish","format-standard","has-post-thumbnail","hentry","category-allgemein"],"_links":{"self":[{"href":"https:\/\/ge-dellbrueck.de\/start\/wp-json\/wp\/v2\/posts\/3796","targetHints":{"allow":["GET"]}}],"collection":[{"href":"https:\/\/ge-dellbrueck.de\/start\/wp-json\/wp\/v2\/posts"}],"about":[{"href":"https:\/\/ge-dellbrueck.de\/start\/wp-json\/wp\/v2\/types\/post"}],"author":[{"embeddable":true,"href":"https:\/\/ge-dellbrueck.de\/start\/wp-json\/wp\/v2\/users\/5"}],"replies":[{"embeddable":true,"href":"https:\/\/ge-dellbrueck.de\/start\/wp-json\/wp\/v2\/comments?post=3796"}],"version-history":[{"count":4,"href":"https:\/\/ge-dellbrueck.de\/start\/wp-json\/wp\/v2\/posts\/3796\/revisions"}],"predecessor-version":[{"id":7659,"href":"https:\/\/ge-dellbrueck.de\/start\/wp-json\/wp\/v2\/posts\/3796\/revisions\/7659"}],"wp:featuredmedia":[{"embeddable":true,"href":"https:\/\/ge-dellbrueck.de\/start\/wp-json\/wp\/v2\/media\/1922"}],"wp:attachment":[{"href":"https:\/\/ge-dellbrueck.de\/start\/wp-json\/wp\/v2\/media?parent=3796"}],"wp:term":[{"taxonomy":"category","embeddable":true,"href":"https:\/\/ge-dellbrueck.de\/start\/wp-json\/wp\/v2\/categories?post=3796"},{"taxonomy":"post_tag","embeddable":true,"href":"https:\/\/ge-dellbrueck.de\/start\/wp-json\/wp\/v2\/tags?post=3796"}],"curies":[{"name":"wp","href":"https:\/\/api.w.org\/{rel}","templated":true}]}}