{"id":4235,"date":"2021-10-03T22:04:22","date_gmt":"2021-10-03T20:04:22","guid":{"rendered":"https:\/\/ge-dellbrueck.de\/?p=4235"},"modified":"2022-11-22T16:42:11","modified_gmt":"2022-11-22T15:42:11","slug":"back-to-stage-an-der-gdm","status":"publish","type":"post","link":"https:\/\/ge-dellbrueck.de\/start\/back-to-stage-an-der-gdm\/","title":{"rendered":"Back to Stage an der GDM!"},"content":{"rendered":"\n<p>Nach vielen stillen Monaten ist es wieder so weit. Es wird wieder gesungen, funky gerockt und live performt.<\/p>\n\n\n\n<h2 class=\"wp-block-heading\">Chor<\/h2>\n\n\n\n<p>Das lie\u00df sich der neue 5. Jahrgang nicht nehmen und stellte sich der Schulgemeinde musikalisch vor. Unter der Leitung von Alicja Gulcz \u00fcbten 110 Kinder in k\u00fcrzester Zeit das Lied \u201eIch bin anders als Du\u201c ein und begleiteten sich selber dabei mit einer bezaubernden Choreografie, die \u00fcberzeugte.<\/p>\n\n\n\n<figure class=\"wp-block-image\"><img loading=\"lazy\" decoding=\"async\" width=\"1024\" height=\"682\" src=\"https:\/\/ge-dellbrueck.de\/wp-content\/uploads\/2021\/10\/5.Jahrgang-1024x682.jpg\" alt=\"\" class=\"wp-image-4236\" srcset=\"https:\/\/ge-dellbrueck.de\/wp-content\/uploads\/2021\/10\/5.Jahrgang-1024x682.jpg 1024w, https:\/\/ge-dellbrueck.de\/wp-content\/uploads\/2021\/10\/5.Jahrgang-300x200.jpg 300w, https:\/\/ge-dellbrueck.de\/wp-content\/uploads\/2021\/10\/5.Jahrgang-768x512.jpg 768w, https:\/\/ge-dellbrueck.de\/wp-content\/uploads\/2021\/10\/5.Jahrgang.jpg 1600w\" sizes=\"(max-width: 1024px) 100vw, 1024px\" \/><figcaption>  5. Jahrgang der GDM  Foto: Leonard Reinhard <\/figcaption><\/figure>\n\n\n\n<p>Weiter ging es mit den Dellbr\u00fccker Vokalhelden, dem Unterstufenchor der GDM. Mit nur 3 Proben gelang der Chor AG eine gelungene Performance. Dabei war es der erste Auftritt f\u00fcr den Kinderchor der Gesamtschule Dellbr\u00fccker Mauspfad. Stimmungsvoll begannen die Vokalhelden ihren Auftritt mit dem St\u00fcck \u201eGo solo\u201c von Tim Rosenthal, gef\u00fchlvoll begleitet von Jil Kausemann am Klavier. Sp\u00e4testens mit dem Song \u201eWer, wenn nicht wir\u201c legten die jungen S\u00e4ngerInnen endg\u00fcltig ihre Aufregung ab.<\/p>\n\n\n\n<div class=\"wp-block-media-text alignwide\"><figure class=\"wp-block-media-text__media\"><img loading=\"lazy\" decoding=\"async\" width=\"1024\" height=\"682\" src=\"https:\/\/ge-dellbrueck.de\/wp-content\/uploads\/2021\/10\/Dellbru\u0308cker-Vokalhelden-1024x682.jpg\" alt=\"Dellbr\u00fccker Vokalhelden - Foto: Leonard Reinhard\" class=\"wp-image-4237\" srcset=\"https:\/\/ge-dellbrueck.de\/wp-content\/uploads\/2021\/10\/Dellbru\u0308cker-Vokalhelden-1024x682.jpg 1024w, https:\/\/ge-dellbrueck.de\/wp-content\/uploads\/2021\/10\/Dellbru\u0308cker-Vokalhelden-300x200.jpg 300w, https:\/\/ge-dellbrueck.de\/wp-content\/uploads\/2021\/10\/Dellbru\u0308cker-Vokalhelden-768x512.jpg 768w, https:\/\/ge-dellbrueck.de\/wp-content\/uploads\/2021\/10\/Dellbru\u0308cker-Vokalhelden.jpg 1600w\" sizes=\"(max-width: 1024px) 100vw, 1024px\" \/><\/figure><div class=\"wp-block-media-text__content\">\n<p>Die beiden SolistInnen Janne Wojtaszek und Marisol Leuning gl\u00e4nzten mit glasklaren Stimmen und wurden schmissig vom Chor begleitet. Daf\u00fcr ernteten die S\u00e4ngerInnen viel Applaus.<\/p>\n<\/div><\/div>\n\n\n\n<h2 class=\"wp-block-heading\">Schulband<\/h2>\n\n\n\n<p>Auch mehrere Lockdowns konnten die Schulband nicht auseinander bringen, umso cooler fiel die R\u00fcckkehr auf die B\u00fchne aus: Nach einer Spontan-Performance bei der 1. Abschlussfeier an der \u201eneuen\u201c GDM im Juni wurde in der technisch renovierten Aula fleissig geprobt und gemeinsam geplant &#8211; die neue Technik-Crew mit Tim Mies und Raphael Neumann werkelte mit Fynn Geckeis und erfahrenen Kollegen vom Otto-Hahn-Gymnasium Bergisch Gladbach an der Umsetzung und dank zus\u00e4tzlicher Technik von Erik Werker konnte eine souver\u00e4ne Show abgeliefert werden.<\/p>\n\n\n\n<figure class=\"wp-block-image\"><img loading=\"lazy\" decoding=\"async\" width=\"1024\" height=\"768\" src=\"https:\/\/ge-dellbrueck.de\/wp-content\/uploads\/2021\/10\/Selfie-1024x768.jpg\" alt=\"\" class=\"wp-image-4238\" srcset=\"https:\/\/ge-dellbrueck.de\/wp-content\/uploads\/2021\/10\/Selfie.jpg 1024w, https:\/\/ge-dellbrueck.de\/wp-content\/uploads\/2021\/10\/Selfie-300x225.jpg 300w, https:\/\/ge-dellbrueck.de\/wp-content\/uploads\/2021\/10\/Selfie-768x576.jpg 768w\" sizes=\"(max-width: 1024px) 100vw, 1024px\" \/><figcaption> Schulband &#8211; Foto: Technik-AG der GDM<\/figcaption><\/figure>\n\n\n\n<p>Nach erfolgreichem Casting ausserhalb K\u00f6lns geht die Band, bestehend aus Jil Kausemann, Emilie Z\u00f6ller, Tim Mies und Marek Fuchs jetzt erstmal auf Tour und kehrt voller Elan und mit neuem Programm zur\u00fcck. Denn nach dem Konzert ist vor dem Konzert.<\/p>\n\n\n\n<p>Wir starten direkt mit den Vorbereitungen f\u00fcr das gro\u00dfe <strong>Weihnachtskonzert am 16.12.2021<\/strong> in der Aula. Tragen Sie sich den Termin im Kalender ein. Die Dellbr\u00fccker Vokalhelden und die Schulband freuen sich auf ein gro\u00dfes Publikum und viele Fans.<\/p>\n\n\n\n<p>Alicja Gulcz &amp; Oliver Kaestle<\/p>\n","protected":false},"excerpt":{"rendered":"<p>Nach vielen stillen Monaten ist es wieder so weit. Es wird wieder gesungen, funky gerockt und live performt. Chor Das lie\u00df sich der neue 5. Jahrgang nicht nehmen und stellte sich der Schulgemeinde musikalisch vor. Unter der Leitung von Alicja Gulcz \u00fcbten 110 Kinder in k\u00fcrzester Zeit das Lied \u201eIch bin anders als Du\u201c ein [&hellip;]<\/p>\n","protected":false},"author":5,"featured_media":4237,"comment_status":"closed","ping_status":"open","sticky":false,"template":"","format":"standard","meta":{"saved_in_kubio":false,"footnotes":""},"categories":[1],"tags":[],"class_list":["post-4235","post","type-post","status-publish","format-standard","has-post-thumbnail","hentry","category-allgemein"],"_links":{"self":[{"href":"https:\/\/ge-dellbrueck.de\/start\/wp-json\/wp\/v2\/posts\/4235","targetHints":{"allow":["GET"]}}],"collection":[{"href":"https:\/\/ge-dellbrueck.de\/start\/wp-json\/wp\/v2\/posts"}],"about":[{"href":"https:\/\/ge-dellbrueck.de\/start\/wp-json\/wp\/v2\/types\/post"}],"author":[{"embeddable":true,"href":"https:\/\/ge-dellbrueck.de\/start\/wp-json\/wp\/v2\/users\/5"}],"replies":[{"embeddable":true,"href":"https:\/\/ge-dellbrueck.de\/start\/wp-json\/wp\/v2\/comments?post=4235"}],"version-history":[{"count":3,"href":"https:\/\/ge-dellbrueck.de\/start\/wp-json\/wp\/v2\/posts\/4235\/revisions"}],"predecessor-version":[{"id":4254,"href":"https:\/\/ge-dellbrueck.de\/start\/wp-json\/wp\/v2\/posts\/4235\/revisions\/4254"}],"wp:featuredmedia":[{"embeddable":true,"href":"https:\/\/ge-dellbrueck.de\/start\/wp-json\/wp\/v2\/media\/4237"}],"wp:attachment":[{"href":"https:\/\/ge-dellbrueck.de\/start\/wp-json\/wp\/v2\/media?parent=4235"}],"wp:term":[{"taxonomy":"category","embeddable":true,"href":"https:\/\/ge-dellbrueck.de\/start\/wp-json\/wp\/v2\/categories?post=4235"},{"taxonomy":"post_tag","embeddable":true,"href":"https:\/\/ge-dellbrueck.de\/start\/wp-json\/wp\/v2\/tags?post=4235"}],"curies":[{"name":"wp","href":"https:\/\/api.w.org\/{rel}","templated":true}]}}