{"id":7804,"date":"2025-07-11T07:40:38","date_gmt":"2025-07-11T05:40:38","guid":{"rendered":"https:\/\/ge-dellbrueck.de\/start\/?p=7804"},"modified":"2025-07-11T07:40:38","modified_gmt":"2025-07-11T05:40:38","slug":"sommerferien","status":"publish","type":"post","link":"https:\/\/ge-dellbrueck.de\/start\/sommerferien\/","title":{"rendered":"Sommerferien"},"content":{"rendered":"\n<p>Liebe Sch\u00fclerinnen und Sch\u00fcler,<\/p>\n\n\n\n<p>Liebe Eltern,<\/p>\n\n\n\n<p>das Kollegium der Gesamtschule Dellbr\u00fccker Mauspfad w\u00fcnscht allen erholsame, sonnige Sommerferien. Kommt alle gesund und munter wieder. Der Unterricht beginnt am Mittwoch, den 27.8.2025 f\u00fcr alle Sch\u00fclerinnen und Sch\u00fcler der 6. bis 13. Klasse um 8.00 Uhr. Die neuen Sch\u00fclerinnen und Sch\u00fcler der 5.Klasse werden wir mit einer Einschulungsfeier ab 14.00 Uhr in der Aula begr\u00fc\u00dfen.<\/p>\n\n\n\n<p>Sonnige Sommergr\u00fc\u00dfe<\/p>\n\n\n\n<p><\/p>\n","protected":false},"excerpt":{"rendered":"<p>Liebe Sch\u00fclerinnen und Sch\u00fcler, Liebe Eltern, das Kollegium der Gesamtschule Dellbr\u00fccker Mauspfad w\u00fcnscht allen erholsame, sonnige Sommerferien. Kommt alle gesund und munter wieder. Der Unterricht beginnt am Mittwoch, den 27.8.2025 f\u00fcr alle Sch\u00fclerinnen und Sch\u00fcler der 6. bis 13. Klasse um 8.00 Uhr. Die neuen Sch\u00fclerinnen und Sch\u00fcler der 5.Klasse werden wir mit einer Einschulungsfeier [&hellip;]<\/p>\n","protected":false},"author":8,"featured_media":7850,"comment_status":"closed","ping_status":"","sticky":false,"template":"","format":"standard","meta":{"saved_in_kubio":false,"footnotes":""},"categories":[1],"tags":[],"class_list":["post-7804","post","type-post","status-publish","format-standard","has-post-thumbnail","hentry","category-allgemein"],"_links":{"self":[{"href":"https:\/\/ge-dellbrueck.de\/start\/wp-json\/wp\/v2\/posts\/7804","targetHints":{"allow":["GET"]}}],"collection":[{"href":"https:\/\/ge-dellbrueck.de\/start\/wp-json\/wp\/v2\/posts"}],"about":[{"href":"https:\/\/ge-dellbrueck.de\/start\/wp-json\/wp\/v2\/types\/post"}],"author":[{"embeddable":true,"href":"https:\/\/ge-dellbrueck.de\/start\/wp-json\/wp\/v2\/users\/8"}],"replies":[{"embeddable":true,"href":"https:\/\/ge-dellbrueck.de\/start\/wp-json\/wp\/v2\/comments?post=7804"}],"version-history":[{"count":3,"href":"https:\/\/ge-dellbrueck.de\/start\/wp-json\/wp\/v2\/posts\/7804\/revisions"}],"predecessor-version":[{"id":7897,"href":"https:\/\/ge-dellbrueck.de\/start\/wp-json\/wp\/v2\/posts\/7804\/revisions\/7897"}],"wp:featuredmedia":[{"embeddable":true,"href":"https:\/\/ge-dellbrueck.de\/start\/wp-json\/wp\/v2\/media\/7850"}],"wp:attachment":[{"href":"https:\/\/ge-dellbrueck.de\/start\/wp-json\/wp\/v2\/media?parent=7804"}],"wp:term":[{"taxonomy":"category","embeddable":true,"href":"https:\/\/ge-dellbrueck.de\/start\/wp-json\/wp\/v2\/categories?post=7804"},{"taxonomy":"post_tag","embeddable":true,"href":"https:\/\/ge-dellbrueck.de\/start\/wp-json\/wp\/v2\/tags?post=7804"}],"curies":[{"name":"wp","href":"https:\/\/api.w.org\/{rel}","templated":true}]}}